{"id":852,"date":"2015-01-23T19:00:49","date_gmt":"2015-01-23T19:00:49","guid":{"rendered":"http:\/\/frsf-nl.de\/?p=852"},"modified":"2015-01-23T19:00:49","modified_gmt":"2015-01-23T19:00:49","slug":"nikolausfahrt-2014","status":"publish","type":"post","link":"http:\/\/frsf-nl.de\/?p=852","title":{"rendered":"Nikolausfahrt 2014"},"content":{"rendered":"<p>Am 7.12.14 trafen wir uns zu unserer gemeinsamen Nikolausfahrt. Bei milden Temperaturen und dieses Jahr ohne Schnee machten wir uns auf den Weg zur Sandgrube. Dort wartete ein H\u00e4nger mit Heu f\u00fcr die Pferde und ein Feuer sowie Gl\u00fchwein und Pl\u00e4tzchen f\u00fcr die Fahrer.<br \/>\nUnsere kleinen Pferdebegeisterten durften dann auch tolle Geschenke vom Nikolaus bekommen, welcher nat\u00fcrlich mit einer Kutsche vorfuhr.<\/p>\n<p><a href=\"http:\/\/frsf-nl.de\/wp-content\/uploads\/2015\/01\/DSCF1021.jpg\"><img loading=\"lazy\" decoding=\"async\" class=\"alignnone size-medium wp-image-859\" alt=\"DSCF1021\" src=\"http:\/\/frsf-nl.de\/wp-content\/uploads\/2015\/01\/DSCF1021-500x375.jpg\" width=\"500\" height=\"375\" srcset=\"http:\/\/frsf-nl.de\/wp-content\/uploads\/2015\/01\/DSCF1021-500x375.jpg 500w, http:\/\/frsf-nl.de\/wp-content\/uploads\/2015\/01\/DSCF1021-1024x768.jpg 1024w, http:\/\/frsf-nl.de\/wp-content\/uploads\/2015\/01\/DSCF1021-400x300.jpg 400w\" sizes=\"(max-width: 500px) 100vw, 500px\" \/><\/a><\/p>\n<p><strong>Wir w\u00fcnschen allen eine besinnliche Weihnachtszeit, Frohe Weihnachten und einen guten Rutsch ins neue Jahr!<\/strong><\/p>\n<p><a href=\"http:\/\/frsf-nl.de\/wp-content\/uploads\/2015\/01\/DSCF0991.jpg\"><img loading=\"lazy\" decoding=\"async\" class=\"alignnone size-medium wp-image-855\" alt=\"DSCF0991\" src=\"http:\/\/frsf-nl.de\/wp-content\/uploads\/2015\/01\/DSCF0991-500x375.jpg\" width=\"500\" height=\"375\" srcset=\"http:\/\/frsf-nl.de\/wp-content\/uploads\/2015\/01\/DSCF0991-500x375.jpg 500w, http:\/\/frsf-nl.de\/wp-content\/uploads\/2015\/01\/DSCF0991-1024x768.jpg 1024w, http:\/\/frsf-nl.de\/wp-content\/uploads\/2015\/01\/DSCF0991-400x300.jpg 400w\" sizes=\"(max-width: 500px) 100vw, 500px\" \/><\/a><\/p>\n","protected":false},"excerpt":{"rendered":"<p>Am 7.12.14 trafen wir uns zu unserer gemeinsamen Nikolausfahrt. Bei milden Temperaturen und dieses Jahr ohne Schnee machten wir uns auf den Weg zur Sandgrube. Dort wartete ein H\u00e4nger mit Heu f\u00fcr die Pferde und ein Feuer sowie Gl\u00fchwein und &hellip; <a href=\"http:\/\/frsf-nl.de\/?p=852\">Weiterlesen <span class=\"meta-nav\">&rarr;<\/span><\/a><\/p>\n","protected":false},"author":2,"featured_media":0,"comment_status":"closed","ping_status":"closed","sticky":false,"template":"","format":"standard","meta":{"footnotes":""},"categories":[9,4],"tags":[],"class_list":["post-852","post","type-post","status-publish","format-standard","hentry","category-bericht","category-veranstaltungen"],"_links":{"self":[{"href":"http:\/\/frsf-nl.de\/index.php?rest_route=\/wp\/v2\/posts\/852"}],"collection":[{"href":"http:\/\/frsf-nl.de\/index.php?rest_route=\/wp\/v2\/posts"}],"about":[{"href":"http:\/\/frsf-nl.de\/index.php?rest_route=\/wp\/v2\/types\/post"}],"author":[{"embeddable":true,"href":"http:\/\/frsf-nl.de\/index.php?rest_route=\/wp\/v2\/users\/2"}],"replies":[{"embeddable":true,"href":"http:\/\/frsf-nl.de\/index.php?rest_route=%2Fwp%2Fv2%2Fcomments&post=852"}],"version-history":[{"count":2,"href":"http:\/\/frsf-nl.de\/index.php?rest_route=\/wp\/v2\/posts\/852\/revisions"}],"predecessor-version":[{"id":864,"href":"http:\/\/frsf-nl.de\/index.php?rest_route=\/wp\/v2\/posts\/852\/revisions\/864"}],"wp:attachment":[{"href":"http:\/\/frsf-nl.de\/index.php?rest_route=%2Fwp%2Fv2%2Fmedia&parent=852"}],"wp:term":[{"taxonomy":"category","embeddable":true,"href":"http:\/\/frsf-nl.de\/index.php?rest_route=%2Fwp%2Fv2%2Fcategories&post=852"},{"taxonomy":"post_tag","embeddable":true,"href":"http:\/\/frsf-nl.de\/index.php?rest_route=%2Fwp%2Fv2%2Ftags&post=852"}],"curies":[{"name":"wp","href":"https:\/\/api.w.org\/{rel}","templated":true}]}}