{"id":885,"date":"2015-06-21T20:25:13","date_gmt":"2015-06-21T20:25:13","guid":{"rendered":"http:\/\/frsf-nl.de\/?p=885"},"modified":"2015-06-21T22:06:35","modified_gmt":"2015-06-21T22:06:35","slug":"internationale-haflingermeisterschaften-in-gunzenhausen","status":"publish","type":"post","link":"http:\/\/frsf-nl.de\/?p=885","title":{"rendered":"Internationale Haflingermeisterschaften in Gunzenhausen"},"content":{"rendered":"<p>Am Wochenende vom 9.-10.5.2015 wurden in Gunzenhausen die Internationalen Haflingermeisterschaften ausgetragen. Die Pferderasse des Haflingers wurde in den Disziplinen Dressurreiten, Springreiten, Vielseitigkeitsreiten, Westernreiten und auch im Fahrsport vorgestellt.<\/p>\n<p><a href=\"http:\/\/frsf-nl.de\/wp-content\/uploads\/2015\/06\/DSCF5108.jpg\"><img loading=\"lazy\" decoding=\"async\" class=\"alignnone size-medium wp-image-886\" alt=\"DSCF5108\" src=\"http:\/\/frsf-nl.de\/wp-content\/uploads\/2015\/06\/DSCF5108-500x375.jpg\" width=\"500\" height=\"375\" srcset=\"http:\/\/frsf-nl.de\/wp-content\/uploads\/2015\/06\/DSCF5108-500x375.jpg 500w, http:\/\/frsf-nl.de\/wp-content\/uploads\/2015\/06\/DSCF5108-1024x768.jpg 1024w, http:\/\/frsf-nl.de\/wp-content\/uploads\/2015\/06\/DSCF5108-400x300.jpg 400w\" sizes=\"(max-width: 500px) 100vw, 500px\" \/><\/a><\/p>\n<p>Bernhard Gumbrecht, Tobias Traut und Teresa Amon traten mit ihren Haflingern f\u00fcr unseren Verein an den Start. Bernhard Gumbrecht konnte sich mit Nando M \u00fcber einen 2. Platz in der Gel\u00e4ndepr\u00fcfung freuen, Tobias Traut folge mit Adrienne auf Platz 6. Teresa Amon konnte sich mit Navaro M in der Dressur am 6. Stelle platzieren.<\/p>\n<p><a href=\"http:\/\/frsf-nl.de\/wp-content\/uploads\/2015\/06\/DSCF5091.jpg\"><img loading=\"lazy\" decoding=\"async\" class=\"alignnone size-medium wp-image-887\" alt=\"DSCF5091\" src=\"http:\/\/frsf-nl.de\/wp-content\/uploads\/2015\/06\/DSCF5091-500x243.jpg\" width=\"500\" height=\"243\" srcset=\"http:\/\/frsf-nl.de\/wp-content\/uploads\/2015\/06\/DSCF5091-500x243.jpg 500w, http:\/\/frsf-nl.de\/wp-content\/uploads\/2015\/06\/DSCF5091-1024x498.jpg 1024w\" sizes=\"(max-width: 500px) 100vw, 500px\" \/><\/a><\/p>\n<p>-&gt; weitere Fotos finden Sie in unserer Galerie -&gt; Fotos 2015!<\/p>\n","protected":false},"excerpt":{"rendered":"<p>Am Wochenende vom 9.-10.5.2015 wurden in Gunzenhausen die Internationalen Haflingermeisterschaften ausgetragen. Die Pferderasse des Haflingers wurde in den Disziplinen Dressurreiten, Springreiten, Vielseitigkeitsreiten, Westernreiten und auch im Fahrsport vorgestellt. Bernhard Gumbrecht, Tobias Traut und Teresa Amon traten mit ihren Haflingern f\u00fcr &hellip; <a href=\"http:\/\/frsf-nl.de\/?p=885\">Weiterlesen <span class=\"meta-nav\">&rarr;<\/span><\/a><\/p>\n","protected":false},"author":2,"featured_media":0,"comment_status":"closed","ping_status":"closed","sticky":false,"template":"","format":"standard","meta":{"footnotes":""},"categories":[9,8],"tags":[],"class_list":["post-885","post","type-post","status-publish","format-standard","hentry","category-bericht","category-turnierbericht"],"_links":{"self":[{"href":"http:\/\/frsf-nl.de\/index.php?rest_route=\/wp\/v2\/posts\/885"}],"collection":[{"href":"http:\/\/frsf-nl.de\/index.php?rest_route=\/wp\/v2\/posts"}],"about":[{"href":"http:\/\/frsf-nl.de\/index.php?rest_route=\/wp\/v2\/types\/post"}],"author":[{"embeddable":true,"href":"http:\/\/frsf-nl.de\/index.php?rest_route=\/wp\/v2\/users\/2"}],"replies":[{"embeddable":true,"href":"http:\/\/frsf-nl.de\/index.php?rest_route=%2Fwp%2Fv2%2Fcomments&post=885"}],"version-history":[{"count":2,"href":"http:\/\/frsf-nl.de\/index.php?rest_route=\/wp\/v2\/posts\/885\/revisions"}],"predecessor-version":[{"id":925,"href":"http:\/\/frsf-nl.de\/index.php?rest_route=\/wp\/v2\/posts\/885\/revisions\/925"}],"wp:attachment":[{"href":"http:\/\/frsf-nl.de\/index.php?rest_route=%2Fwp%2Fv2%2Fmedia&parent=885"}],"wp:term":[{"taxonomy":"category","embeddable":true,"href":"http:\/\/frsf-nl.de\/index.php?rest_route=%2Fwp%2Fv2%2Fcategories&post=885"},{"taxonomy":"post_tag","embeddable":true,"href":"http:\/\/frsf-nl.de\/index.php?rest_route=%2Fwp%2Fv2%2Ftags&post=885"}],"curies":[{"name":"wp","href":"https:\/\/api.w.org\/{rel}","templated":true}]}}